{"id":1195,"date":"2020-03-04T17:58:05","date_gmt":"2020-03-04T17:58:05","guid":{"rendered":"https:\/\/rrenjettona.al\/?p=1195"},"modified":"2020-03-04T17:58:05","modified_gmt":"2020-03-04T17:58:05","slug":"referatet-dhe-kumtesat-e-mbajtura-ne-kuvend-me-rastin-e-100-vjetorit-te-kongresit-te-lushnjes-dashamir-uruci","status":"publish","type":"post","link":"https:\/\/rrenjettona.al\/index.php\/2020\/03\/04\/referatet-dhe-kumtesat-e-mbajtura-ne-kuvend-me-rastin-e-100-vjetorit-te-kongresit-te-lushnjes-dashamir-uruci\/","title":{"rendered":"REFERATET DHE KUMTESAT E MBAJTURA N\u00cb KUVEND ME RASTIN E 100 VJETORIT T\u00cb KONGRESIT T\u00cb LUSHNJES &#8211; Dashamir URU\u00c7I"},"content":{"rendered":"<p><strong>JUSUF URU\u00c7I-LUFT\u00cbTAR I SHQUAR P\u00cbR MBROJTJEN E KUFIJVE SHQIPTAR\u00cb<\/strong><\/p>\n<p>Dashamir <strong>URU\u00c7I*<\/strong><\/p>\n<p>&nbsp;<\/p>\n<p><strong>P\u00cbRMBLEDHJE<\/strong><\/p>\n<p>N\u00eb letr\u00ebn nr.40, t\u00eb dat\u00ebs 22 qershor 1878 t\u00eb konsullit austro-hungarez Lipch, d\u00ebrguar ambasadorit t\u00eb Austro-Hungaris\u00eb n\u00eb Stamboll, kontit Zichy njoftohet p\u00ebr nisjen n\u00eb Prizren t\u00eb nj\u00eb grupi delegat\u00ebsh, ku b\u00ebjn\u00eb pjes\u00eb edhe Jusuf Uru\u00e7i si deputet i Shqip\u00ebris\u00eb. M\u00eb 19 qershor 1878 Jusuf Uru\u00e7i harton dhe i d\u00ebrgon nga Shkodra nj\u00eb telegram Kongresit t\u00eb Berlinit, t\u00eb n\u00ebnshkruar prej 29 p\u00ebrfaq\u00ebsuesve nga Shkodra, Kruja, Tirana, Kavaja, Dibra, Tivari, Ulqini, Podgorica, Hoti, Kelmendi, Kastrati, Shkreli, Mirdita, Shala e Anamali. N\u00eb em\u00ebr t\u00eb t\u00eb gjitha p\u00ebrfaq\u00ebsive nd\u00ebr t\u00eb tjera i shkruan : <em>&#8220;&#8230;Kemi nderin t\u00eb deklarojm\u00eb se kombi shqiptar, qoft\u00eb mysliman, qoft\u00eb katolik, krejt\u00ebsisht i ndrysh\u00ebm si rac\u00eb a besim nga ai i sllav\u00ebve, \u00ebsht\u00eb i nj\u00eb mendimi n\u00eb vendimin p\u00ebr ta mbrojtur atdheun e tij kund\u00ebr shk\u00ebputjes s\u00eb tokave q\u00eb ishin projektuar, kund\u00ebr historis\u00eb, interesave e d\u00ebshirave t\u00eb tij. Ju lutemi t\u00eb mbroni t\u00ebr\u00ebsin\u00eb ton\u00eb komb\u00ebtare e tok\u00ebsore, t\u00eb na kursehen konfliktet e kobshme q\u00eb do t\u00eb p\u00eblcasin, n\u00ebqoft\u00ebse kryhen aneksionet lidhur me Shqip\u00ebrin\u00eb, t\u00eb na hapet rruga e zhvillimit t\u00eb d\u00ebshiruar prej nesh dhe t\u00eb ndiejm\u00eb ndikimin fatlum t\u00eb qytet\u00ebrimit&#8230;&#8221;.<\/em><\/p>\n<p>Lufta dhe p\u00ebrpjekjet e Jusuf Uru\u00e7it p\u00ebr mbrojtjen e tokave shqiptare jan\u00eb pjes\u00eb e pandar\u00eb e jet\u00ebs s\u00eb tij. Presione e shantazhe t\u00eb m\u00ebdha, ashtu si dhe lajka e ofiqe i ofruan armiqt\u00eb e shumt\u00eb t\u00eb vendit ton\u00eb, por ai nuk u tund dhe si t\u00eb till\u00eb koha e rrit dhe e lart\u00ebson \u00e7do dit\u00eb. Nderimi dhe mir\u00ebnjohja e popullit i japin vlera gjithmon\u00eb e m\u00eb t\u00eb m\u00ebdha.<\/p>\n<p><strong><em>Fjal\u00eb ky\u00e7e:<\/em><\/strong><em> konsulli\u00a0 austro-hungarez, deputet i Shqip\u00ebris\u00eb, t\u00ebr\u00ebsin\u00eb ton\u00eb komb\u00ebtare e tok\u00ebsore, rruga e zhvillimit\u00a0 <\/em><\/p>\n<p><em>*Profesor, Studiues, <\/em><em>Akademia Alternative Shkencore Rr\u00ebnj\u00ebt Tona, Tiran\u00eb<\/em><\/p>\n<p><strong><em>\u00a0<\/em><\/strong><\/p>\n<p><strong><em>\u00a0<\/em><\/strong><\/p>\n","protected":false},"excerpt":{"rendered":"<p>JUSUF URU\u00c7I-LUFT\u00cbTAR I SHQUAR P\u00cbR MBROJTJEN E KUFIJVE SHQIPTAR\u00cb Dashamir URU\u00c7I* &nbsp; P\u00cbRMBLEDHJE N\u00eb letr\u00ebn nr.40, t\u00eb dat\u00ebs 22 qershor 1878 t\u00eb konsullit austro-hungarez Lipch, d\u00ebrguar ambasadorit t\u00eb Austro-Hungaris\u00eb n\u00eb Stamboll, kontit Zichy njoftohet p\u00ebr nisjen n\u00eb Prizren t\u00eb nj\u00eb grupi delegat\u00ebsh, ku b\u00ebjn\u00eb pjes\u00eb edhe Jusuf Uru\u00e7i si deputet i Shqip\u00ebris\u00eb. M\u00eb 19 qershor&hellip;<\/p>\n","protected":false},"author":2,"featured_media":0,"comment_status":"open","ping_status":"closed","sticky":false,"template":"","format":"standard","meta":{"footnotes":""},"categories":[15,11],"tags":[48,91,90,93,47,92,49],"class_list":["post-1195","post","type-post","status-publish","format-standard","hentry","category-bashkekohore","category-historigrafi","tag-akademia-alternative-shkencore-rrenjet-tona","tag-deputet-i-shqiperise","tag-konsulli-austro-hungarez","tag-rruga-e-zhvillimit-profesor","tag-studiues","tag-teresine-tone-kombetare-e-tokesore","tag-tirane","category-15","category-11","description-off"],"_links":{"self":[{"href":"https:\/\/rrenjettona.al\/index.php\/wp-json\/wp\/v2\/posts\/1195","targetHints":{"allow":["GET"]}}],"collection":[{"href":"https:\/\/rrenjettona.al\/index.php\/wp-json\/wp\/v2\/posts"}],"about":[{"href":"https:\/\/rrenjettona.al\/index.php\/wp-json\/wp\/v2\/types\/post"}],"author":[{"embeddable":true,"href":"https:\/\/rrenjettona.al\/index.php\/wp-json\/wp\/v2\/users\/2"}],"replies":[{"embeddable":true,"href":"https:\/\/rrenjettona.al\/index.php\/wp-json\/wp\/v2\/comments?post=1195"}],"version-history":[{"count":1,"href":"https:\/\/rrenjettona.al\/index.php\/wp-json\/wp\/v2\/posts\/1195\/revisions"}],"predecessor-version":[{"id":1196,"href":"https:\/\/rrenjettona.al\/index.php\/wp-json\/wp\/v2\/posts\/1195\/revisions\/1196"}],"wp:attachment":[{"href":"https:\/\/rrenjettona.al\/index.php\/wp-json\/wp\/v2\/media?parent=1195"}],"wp:term":[{"taxonomy":"category","embeddable":true,"href":"https:\/\/rrenjettona.al\/index.php\/wp-json\/wp\/v2\/categories?post=1195"},{"taxonomy":"post_tag","embeddable":true,"href":"https:\/\/rrenjettona.al\/index.php\/wp-json\/wp\/v2\/tags?post=1195"}],"curies":[{"name":"wp","href":"https:\/\/api.w.org\/{rel}","templated":true}]}}